{"id":37879,"date":"2025-01-31T02:23:37","date_gmt":"2025-01-31T08:23:37","guid":{"rendered":"https:\/\/ustower.net\/?p=37879"},"modified":"2025-01-31T02:23:54","modified_gmt":"2025-01-31T08:23:54","slug":"emilia-perez-star-karla-sofia-gascon-issues-apology-about-past-social-media-posts","status":"publish","type":"post","link":"https:\/\/ustower.net\/?p=37879","title":{"rendered":"&#8216;Emilia P\u00e9rez&#8217; star Karla Sof\u00eda Gasc\u00f3n issues apology about past social media posts"},"content":{"rendered":"\n<p class=\"has-medium-font-size\">&#8220;Emilia P\u00e9rez&#8221; star Karla Sof\u00eda Gasc\u00f3n issued an apology Thursday after online users resurfaced her past posts on social media in which she appears to comment on Muslims, George Floyd and diversity at the&nbsp;Oscars.<\/p>\n\n\n\n<p class=\"has-medium-font-size\">\u201cI want to acknowledge the conversation around my past social media posts that have caused hurt,&#8221; Gasc\u00f3n, who&nbsp;<a href=\"https:\/\/www.nbcnews.com\/nbc-out\/out-pop-culture\/emilia-perez-star-karla-sofi-gascon-1st-trans-actor-nominated-oscar-rcna188962\">became the first openly trans actor to be nominated for an Oscar<\/a>, said in a statement issued through Netflix.<\/p>\n\n\n\n<p class=\"has-medium-font-size\">&#8220;As someone in a marginalized community, I know this suffering all too well and I am deeply sorry to those I have caused pain. All my life I have fought for a better world. I believe light will always triumph over darkness,&#8221; she added.<\/p>\n\n\n\n<p class=\"has-medium-font-size\">Criticism of Gasc\u00f3n first began Thursday after writer Sarah Hagi&nbsp;<a href=\"https:\/\/x.com\/KindaHagi\/status\/1884980597048934879\">s<\/a><a href=\"https:\/\/x.com\/KindaHagi\/status\/1884980597048934879\">hared s<\/a><a href=\"https:\/\/x.com\/KindaHagi\/status\/1884980597048934879\">creenshots<\/a>&nbsp;of Gasc\u00f3n&#8217;s purported past posts on X, which have been translated by Google. The posts have since been deleted.<\/p>\n\n\n\n<p class=\"has-medium-font-size\">NBC News did not independently review Gasc\u00f3n\u2019s past social media posts before they were removed. Screenshots circulating online suggest the posts, which were written in Spanish, were made in 2020 and 2021.<\/p>\n\n\n\n<p class=\"has-medium-font-size\">\u201cthis is all from the star of a movie that is campaigning on its progressive values, you really gotta laugh,\u201d Hagi, who was first to share the screenshots,&nbsp;<a href=\"https:\/\/x.com\/KindaHagi\/status\/1884980597048934879\">wrote on X<\/a>. \u201cstuff like this doesn\u2019t get flagged because you can say whatever you want about muslims, it\u2019s never considered racist. again, this isn\u2019t even all of them.\u201d<\/p>\n\n\n\n<p class=\"has-medium-font-size\">Netflix\u2019s \u201cEmilia P\u00e9rez, a genre-busting song-and-dance spectacle about a Mexican drug cartel boss who undergoes gender-affirming surgery, was nominated for a whopping 13 Oscars, leading the pack of contenders in this year&#8217;s race.<\/p>\n\n\n\n<p class=\"has-medium-font-size\">The film, from Jacques Audiard, scored nods in categories including supporting actress, original score, director, international feature film and best picture.<\/p>\n\n\n\n<p class=\"has-medium-font-size\">The film has generated buzz since it debuted at the Cannes Film Festival last year. It has already won big this awards season, having taken home&nbsp;<a href=\"https:\/\/www.nbcnews.com\/pop-culture\/pop-culture-news\/live-blog\/golden-globes-2025-live-updates-rcna185162\">four awards at the\u2002Golden Globes<\/a>, including best motion picture \u2014&nbsp;musical or comedy.<\/p>\n\n\n\n<p class=\"has-medium-font-size\">But some people have expressed their disappointment at the film&#8217;s depiction of trans people. In a blog post published in November,&nbsp;<a href=\"https:\/\/glaad.org\/emilia-perez-is-not-good-trans-representation\/\">GLAAD s<\/a><a href=\"https:\/\/glaad.org\/emilia-perez-is-not-good-trans-representation\/\">aid<\/a>&nbsp;the film is a &#8220;step backward for trans representation.&#8221;<\/p>\n\n\n\n<p class=\"has-medium-font-size\">Gasc\u00f3n&nbsp;<a href=\"https:\/\/www.nbcnews.com\/nbc-out\/out-pop-culture\/emilia-perez-karla-sofia-gascon-musical-film-transgender-rcna178261\">previously spoke to NBC News<\/a>&nbsp;about how she helped Audiard shape the film\u2019s transgender storyline.<\/p>\n\n\n\n<p class=\"has-medium-font-size\">\u201cI\u2019m one of the few people on the team that speaks Spanish, and I was one of the first to join, so I really got to see the development of this project and involve myself in it,&#8221; she said. &#8220;I added anything that I could to make it a little bit more realistic and a little bit more aligned with what it was trying to do.\u201d<\/p>\n\n\n\n<p class=\"has-medium-font-size\"><a href=\"https:\/\/www.nbcnews.com\/pop-culture\/pop-culture-news\/emilia-perez-star-karla-sofia-gascon-issues-apology-social-media-posts-rcna190113\">Nbcnews<\/a><\/p>\n","protected":false},"excerpt":{"rendered":"<p>&#8220;Emilia P\u00e9rez&#8221; star Karla Sof\u00eda Gasc\u00f3n issued an apology Thursday after online users resurfaced her past posts on social media in which she appears to comment on Muslims, George Floyd and diversity at the&nbsp;Oscars. \u201cI want to acknowledge the conversation around my past social media posts that have caused hurt,&#8221; Gasc\u00f3n, who&nbsp;became the first openly [&hellip;]<\/p>\n","protected":false},"author":5,"featured_media":37880,"comment_status":"closed","ping_status":"closed","sticky":false,"template":"","format":"standard","meta":{"footnotes":""},"categories":[5782],"tags":[32178,3686,32177,2231],"class_list":["post-37879","post","type-post","status-publish","format-standard","has-post-thumbnail","hentry","category-ep","tag-emilia-perez","tag-apology","tag-cara-sophia-gascon","tag-star"],"_links":{"self":[{"href":"https:\/\/ustower.net\/index.php?rest_route=\/wp\/v2\/posts\/37879","targetHints":{"allow":["GET"]}}],"collection":[{"href":"https:\/\/ustower.net\/index.php?rest_route=\/wp\/v2\/posts"}],"about":[{"href":"https:\/\/ustower.net\/index.php?rest_route=\/wp\/v2\/types\/post"}],"author":[{"embeddable":true,"href":"https:\/\/ustower.net\/index.php?rest_route=\/wp\/v2\/users\/5"}],"replies":[{"embeddable":true,"href":"https:\/\/ustower.net\/index.php?rest_route=%2Fwp%2Fv2%2Fcomments&post=37879"}],"version-history":[{"count":1,"href":"https:\/\/ustower.net\/index.php?rest_route=\/wp\/v2\/posts\/37879\/revisions"}],"predecessor-version":[{"id":37881,"href":"https:\/\/ustower.net\/index.php?rest_route=\/wp\/v2\/posts\/37879\/revisions\/37881"}],"wp:featuredmedia":[{"embeddable":true,"href":"https:\/\/ustower.net\/index.php?rest_route=\/wp\/v2\/media\/37880"}],"wp:attachment":[{"href":"https:\/\/ustower.net\/index.php?rest_route=%2Fwp%2Fv2%2Fmedia&parent=37879"}],"wp:term":[{"taxonomy":"category","embeddable":true,"href":"https:\/\/ustower.net\/index.php?rest_route=%2Fwp%2Fv2%2Fcategories&post=37879"},{"taxonomy":"post_tag","embeddable":true,"href":"https:\/\/ustower.net\/index.php?rest_route=%2Fwp%2Fv2%2Ftags&post=37879"}],"curies":[{"name":"wp","href":"https:\/\/api.w.org\/{rel}","templated":true}]}}